{"id":88,"date":"2023-11-22T10:49:19","date_gmt":"2023-11-22T13:49:19","guid":{"rendered":"https:\/\/adrianosantostreina.com.br\/blog\/?p=88"},"modified":"2024-04-06T15:54:15","modified_gmt":"2024-04-06T18:54:15","slug":"lancamento-rad-studio-12-atenas-participe","status":"publish","type":"post","link":"https:\/\/adrianosantostreina.com.br\/blog\/lancamento-rad-studio-12-atenas-participe\/","title":{"rendered":"Lan\u00e7amento RAD Studio 12 Atenas. Participe!"},"content":{"rendered":"\n<p>Uma das datas mais esperadas do ano por programadores Delphi \u00e9 certamente o lan\u00e7amento da nova vers\u00e3o. E isso ir\u00e1 acontecer nos pr\u00f3ximos dias.<\/p>\n\n\n\n<!--more-->\n\n\n\n<p><strong>RAD Studio 12 Atenas<\/strong><\/p>\n\n\n\n<p>A vers\u00e3o 12 do RAD Studio Delphi e C++ entitulada de Atenas, j\u00e1 foi massivamente divulgada nas redes sociais da Embarcadero e de MVPs em todo o Brasil e mundo. O lan\u00e7amento oficial em Portugu\u00eas acontece hoje as 10h no hor\u00e1rio de Bras\u00edla ao vivo. <\/p>\n\n\n\n<p>A Embarcadero dessa vez decidiu homenagear a cidade de Atenas, na Gr\u00e9cia. E \u00e9 bem legal porque quem \u00e9 das antigas sabe que um dos antigos splashes de abertura do Delphi, o 4 sen\u00e3o me falha a mem\u00f3ria, fazia justamente alus\u00e3o a essa cidade. <\/p>\n\n\n\n<p>A nova vers\u00e3o traz in\u00fameros recursos e novas compatibilidades com novas vers\u00f5es de Android e iOS, bem como macOS. Claro, traz melhorias em RTL, compilador novo suporte a strings de m\u00faltiplas linhas entre outros recursos.<\/p>\n\n\n\n<p>Um dos mais aguardandos \u00e9 a integra\u00e7\u00e3o completa do Skia no Delphi, uma biblioteca fant\u00e1stica para turbinar suas aplica\u00e7\u00f5es mobile.<\/p>\n\n\n\n<p>Por falar mobile, traz tamb\u00e9m compatibilidade com SDK API 33 para as vers\u00f5es mais novas de Android cumprindo uma exig\u00eancia do Google no upload para Google Play.<\/p>\n\n\n\n<figure class=\"wp-block-image size-full\"><img fetchpriority=\"high\" decoding=\"async\" width=\"759\" height=\"184\" src=\"https:\/\/adrianosantostreina.com.br\/blog\/wp-content\/uploads\/2023\/11\/Captura-de-tela-22-11-2023-10.40.44.png\" alt=\"\" class=\"wp-image-89\" srcset=\"https:\/\/adrianosantostreina.com.br\/blog\/wp-content\/uploads\/2023\/11\/Captura-de-tela-22-11-2023-10.40.44.png 759w, https:\/\/adrianosantostreina.com.br\/blog\/wp-content\/uploads\/2023\/11\/Captura-de-tela-22-11-2023-10.40.44-300x73.png 300w\" sizes=\"(max-width: 759px) 100vw, 759px\" \/><\/figure>\n\n\n\n<p><strong>Webinar<\/strong><\/p>\n\n\n\n<p>Como mencionei, est\u00e1 acontecendo nesse momento o webinar de lan\u00e7amento oficial da vers\u00e3o anunciado pelo Fernando Rizzato. Infelizmente por problemas t\u00e9cnicos acabei n\u00e3o conseguindo publicar a postagem antes, mas mesmo assim fa\u00e7a o cadastro para receber o link de replay e assistir mais tarde a divulga\u00e7\u00e3o. Fique ligado tamb\u00e9m nos canais da Embarcadero do Brasil.<\/p>\n\n\n\n<p><a href=\"https:\/\/docs.google.com\/forms\/d\/e\/1FAIpQLSdidHqRuojXZUwpSRuHH5Gf4xsOVTfVVLmGU2hScCYqJsxIZg\/viewform\">Formul\u00e1rio de Inscri\u00e7\u00e3o<\/a><\/p>\n\n\n\n<p><\/p>\n\n\n\n<p>At\u00e9 a pr\u00f3xima \ud83d\ude09<\/p>\n","protected":false},"excerpt":{"rendered":"<p>Uma das datas mais esperadas do ano por programadores Delphi \u00e9 certamente o lan\u00e7amento da nova vers\u00e3o. E isso ir\u00e1 acontecer nos pr\u00f3ximos dias.<\/p>\n","protected":false},"author":1,"featured_media":495,"comment_status":"open","ping_status":"open","sticky":false,"template":"","format":"standard","meta":{"footnotes":""},"categories":[1],"tags":[],"class_list":["post-88","post","type-post","status-publish","format-standard","has-post-thumbnail","hentry","category-blog"],"_links":{"self":[{"href":"https:\/\/adrianosantostreina.com.br\/blog\/wp-json\/wp\/v2\/posts\/88","targetHints":{"allow":["GET"]}}],"collection":[{"href":"https:\/\/adrianosantostreina.com.br\/blog\/wp-json\/wp\/v2\/posts"}],"about":[{"href":"https:\/\/adrianosantostreina.com.br\/blog\/wp-json\/wp\/v2\/types\/post"}],"author":[{"embeddable":true,"href":"https:\/\/adrianosantostreina.com.br\/blog\/wp-json\/wp\/v2\/users\/1"}],"replies":[{"embeddable":true,"href":"https:\/\/adrianosantostreina.com.br\/blog\/wp-json\/wp\/v2\/comments?post=88"}],"version-history":[{"count":1,"href":"https:\/\/adrianosantostreina.com.br\/blog\/wp-json\/wp\/v2\/posts\/88\/revisions"}],"predecessor-version":[{"id":90,"href":"https:\/\/adrianosantostreina.com.br\/blog\/wp-json\/wp\/v2\/posts\/88\/revisions\/90"}],"wp:featuredmedia":[{"embeddable":true,"href":"https:\/\/adrianosantostreina.com.br\/blog\/wp-json\/wp\/v2\/media\/495"}],"wp:attachment":[{"href":"https:\/\/adrianosantostreina.com.br\/blog\/wp-json\/wp\/v2\/media?parent=88"}],"wp:term":[{"taxonomy":"category","embeddable":true,"href":"https:\/\/adrianosantostreina.com.br\/blog\/wp-json\/wp\/v2\/categories?post=88"},{"taxonomy":"post_tag","embeddable":true,"href":"https:\/\/adrianosantostreina.com.br\/blog\/wp-json\/wp\/v2\/tags?post=88"}],"curies":[{"name":"wp","href":"https:\/\/api.w.org\/{rel}","templated":true}]}}