{"id":893,"date":"2024-10-22T09:45:13","date_gmt":"2024-10-22T12:45:13","guid":{"rendered":"https:\/\/adrianosantostreina.com.br\/blog\/?p=893"},"modified":"2024-10-22T09:45:13","modified_gmt":"2024-10-22T12:45:13","slug":"devlounge-rad-studio-12-2","status":"publish","type":"post","link":"https:\/\/adrianosantostreina.com.br\/blog\/devlounge-rad-studio-12-2\/","title":{"rendered":"DevLounge &#8211; RAD Studio 12.2"},"content":{"rendered":"\n<p>Hoje as 10h no hor\u00e1rio de Bras\u00edlia Fernando Rizzato e convidados falam um pouco sobre a vers\u00e3o 12.2 do RAD Studio Delphi e C++ Builder. Vers\u00e3o recentemente lan\u00e7ada e que traz uma s\u00e9rie de modifica\u00e7\u00f5es e corre\u00e7\u00f5es de bugs na IDE.<\/p>\n\n\n\n<!--more-->\n\n\n\n<p>O Dev Lounge \u00e9 uma live com Fernando Rizzato e seus convidados e sempre discutem e comentam sobre diversos assuntos relacionados ao desenvolvimento de software. Hoje o tema \u00e9 o lan\u00e7amento do RAD Studio Delphi\/C++ Athens 12.2. Assista as 10h no hor\u00e1rio de Bras\u00edlia. <\/p>\n\n\n\n<figure class=\"wp-block-image size-full\"><img fetchpriority=\"high\" decoding=\"async\" width=\"400\" height=\"400\" src=\"https:\/\/adrianosantostreina.com.br\/blog\/wp-content\/uploads\/2024\/10\/devLouge.jpg\" alt=\"\" class=\"wp-image-894\" srcset=\"https:\/\/adrianosantostreina.com.br\/blog\/wp-content\/uploads\/2024\/10\/devLouge.jpg 400w, https:\/\/adrianosantostreina.com.br\/blog\/wp-content\/uploads\/2024\/10\/devLouge-300x300.jpg 300w, https:\/\/adrianosantostreina.com.br\/blog\/wp-content\/uploads\/2024\/10\/devLouge-150x150.jpg 150w\" sizes=\"(max-width: 400px) 100vw, 400px\" \/><\/figure>\n\n\n\n<p>Inscreva-se no <a href=\"https:\/\/adrianosantos.link\/DevLounge22-10\" target=\"_blank\" rel=\"noreferrer noopener\">Nesse Link<\/a>.<\/p>\n\n\n\n<h3 class=\"wp-block-heading\">Participe da Comunidade no Telegram<\/h3>\n\n\n\n<p>\ud83d\ude80 Quer continuar essa discuss\u00e3o e trocar ideias com outros desenvolvedores? Junte-se \u00e0 nossa comunidade no Telegram! L\u00e1, voc\u00ea pode comentar sobre o que achou deste artigo, tirar suas d\u00favidas e compartilhar suas experi\u00eancias com Delphi e ainda discutir ou tirar suas d\u00favidas sobre os mais variados temas em uma comunidade com mais de 1.000 desenvolvedores.<\/p>\n\n\n\n<p>\ud83d\udd17 <a href=\"https:\/\/t.me\/AdrianoSantosCommunity\" target=\"_blank\" rel=\"noreferrer noopener\">Clique aqui para entrar na comunidade<\/a><\/p>\n\n\n\n<p>Te vejo l\u00e1!<\/p>\n\n\n\n<p><\/p>\n\n\n\n<p>Adriano Santos<\/p>\n","protected":false},"excerpt":{"rendered":"<p>Hoje as 10h no hor\u00e1rio de Bras\u00edlia Fernando Rizzato e convidados falam um pouco sobre a vers\u00e3o 12.2 do RAD Studio Delphi e C++ Builder. Vers\u00e3o recentemente lan\u00e7ada e que traz uma s\u00e9rie de modifica\u00e7\u00f5es e corre\u00e7\u00f5es de bugs na IDE.<\/p>\n","protected":false},"author":1,"featured_media":897,"comment_status":"open","ping_status":"open","sticky":false,"template":"","format":"standard","meta":{"footnotes":""},"categories":[1],"tags":[],"class_list":["post-893","post","type-post","status-publish","format-standard","has-post-thumbnail","hentry","category-blog"],"_links":{"self":[{"href":"https:\/\/adrianosantostreina.com.br\/blog\/wp-json\/wp\/v2\/posts\/893","targetHints":{"allow":["GET"]}}],"collection":[{"href":"https:\/\/adrianosantostreina.com.br\/blog\/wp-json\/wp\/v2\/posts"}],"about":[{"href":"https:\/\/adrianosantostreina.com.br\/blog\/wp-json\/wp\/v2\/types\/post"}],"author":[{"embeddable":true,"href":"https:\/\/adrianosantostreina.com.br\/blog\/wp-json\/wp\/v2\/users\/1"}],"replies":[{"embeddable":true,"href":"https:\/\/adrianosantostreina.com.br\/blog\/wp-json\/wp\/v2\/comments?post=893"}],"version-history":[{"count":2,"href":"https:\/\/adrianosantostreina.com.br\/blog\/wp-json\/wp\/v2\/posts\/893\/revisions"}],"predecessor-version":[{"id":898,"href":"https:\/\/adrianosantostreina.com.br\/blog\/wp-json\/wp\/v2\/posts\/893\/revisions\/898"}],"wp:featuredmedia":[{"embeddable":true,"href":"https:\/\/adrianosantostreina.com.br\/blog\/wp-json\/wp\/v2\/media\/897"}],"wp:attachment":[{"href":"https:\/\/adrianosantostreina.com.br\/blog\/wp-json\/wp\/v2\/media?parent=893"}],"wp:term":[{"taxonomy":"category","embeddable":true,"href":"https:\/\/adrianosantostreina.com.br\/blog\/wp-json\/wp\/v2\/categories?post=893"},{"taxonomy":"post_tag","embeddable":true,"href":"https:\/\/adrianosantostreina.com.br\/blog\/wp-json\/wp\/v2\/tags?post=893"}],"curies":[{"name":"wp","href":"https:\/\/api.w.org\/{rel}","templated":true}]}}